{"id":1899,"date":"2016-06-10T08:49:40","date_gmt":"2016-06-10T06:49:40","guid":{"rendered":"http:\/\/gss.org.pl\/?p=1899"},"modified":"2016-06-10T08:49:40","modified_gmt":"2016-06-10T06:49:40","slug":"zapraszamy-na-4-pomorski-piknik-seniora","status":"publish","type":"post","link":"https:\/\/gss.org.pl\/index.php\/2016\/06\/10\/zapraszamy-na-4-pomorski-piknik-seniora\/","title":{"rendered":"Zapraszamy na 4 Pomorski Piknik Seniora!"},"content":{"rendered":"<p>Zapraszamy 18 czerwca (sobota) br. na wyj\u0105tkowy mi\u0119dzypokoleniowy piknik dla wszystkich zainteresowanych! Zapraszamy senior\u00f3w, ich dzieci, wnuk\u00f3w, s\u0105siad\u00f3w, znajomych, przyjaci\u00f3\u0142.<br \/>\n<strong>Piknik odb\u0119dzie si\u0119 w godzinach 10-15 na Placu Zebra\u0144 Ludowych.<\/strong><br \/>\nDo zobaczenia!<\/p>\n\n\t\t<style type=\"text\/css\">\n\t\t\t#gallery-1 {\n\t\t\t\tmargin: auto;\n\t\t\t}\n\t\t\t#gallery-1 .gallery-item {\n\t\t\t\tfloat: left;\n\t\t\t\tmargin-top: 10px;\n\t\t\t\ttext-align: center;\n\t\t\t\twidth: 33%;\n\t\t\t}\n\t\t\t#gallery-1 img {\n\t\t\t\tborder: 2px solid #cfcfcf;\n\t\t\t}\n\t\t\t#gallery-1 .gallery-caption {\n\t\t\t\tmargin-left: 0;\n\t\t\t}\n\t\t\t\/* see gallery_shortcode() in wp-includes\/media.php *\/\n\t\t<\/style>\n\t\t<div id='gallery-1' class='gallery galleryid-1899 gallery-columns-3 gallery-size-thumbnail'><dl class='gallery-item'>\n\t\t\t<dt class='gallery-icon portrait'>\n\t\t\t\t<a href='https:\/\/gss.org.pl\/index.php\/2016\/06\/10\/zapraszamy-na-4-pomorski-piknik-seniora\/plakat_piknik\/'><img loading=\"lazy\" decoding=\"async\" width=\"150\" height=\"150\" src=\"https:\/\/gss.org.pl\/wp-content\/uploads\/2016\/06\/plakat_piknik-150x150.jpg\" class=\"attachment-thumbnail size-thumbnail\" alt=\"\" \/><\/a>\n\t\t\t<\/dt><\/dl>\n\t\t\t<br style='clear: both' \/>\n\t\t<\/div>\n\n","protected":false},"excerpt":{"rendered":"<p>Zapraszamy 18 czerwca (sobota) br. na wyj\u0105tkowy mi\u0119dzypokoleniowy piknik dla wszystkich zainteresowanych! Zapraszamy senior\u00f3w, ich dzieci, wnuk\u00f3w, s\u0105siad\u00f3w, znajomych, przyjaci\u00f3\u0142. Piknik odb\u0119dzie si\u0119 w godzinach 10-15 na Placu Zebra\u0144 Ludowych. Do zobaczenia!<\/p>\n","protected":false},"author":2,"featured_media":1900,"comment_status":"closed","ping_status":"open","sticky":false,"template":"","format":"standard","meta":{"footnotes":""},"categories":[4],"tags":[],"class_list":["post-1899","post","type-post","status-publish","format-standard","has-post-thumbnail","hentry","category-aktualnosci","cat-4-id","has_thumb"],"_links":{"self":[{"href":"https:\/\/gss.org.pl\/index.php\/wp-json\/wp\/v2\/posts\/1899","targetHints":{"allow":["GET"]}}],"collection":[{"href":"https:\/\/gss.org.pl\/index.php\/wp-json\/wp\/v2\/posts"}],"about":[{"href":"https:\/\/gss.org.pl\/index.php\/wp-json\/wp\/v2\/types\/post"}],"author":[{"embeddable":true,"href":"https:\/\/gss.org.pl\/index.php\/wp-json\/wp\/v2\/users\/2"}],"replies":[{"embeddable":true,"href":"https:\/\/gss.org.pl\/index.php\/wp-json\/wp\/v2\/comments?post=1899"}],"version-history":[{"count":2,"href":"https:\/\/gss.org.pl\/index.php\/wp-json\/wp\/v2\/posts\/1899\/revisions"}],"predecessor-version":[{"id":1902,"href":"https:\/\/gss.org.pl\/index.php\/wp-json\/wp\/v2\/posts\/1899\/revisions\/1902"}],"wp:featuredmedia":[{"embeddable":true,"href":"https:\/\/gss.org.pl\/index.php\/wp-json\/wp\/v2\/media\/1900"}],"wp:attachment":[{"href":"https:\/\/gss.org.pl\/index.php\/wp-json\/wp\/v2\/media?parent=1899"}],"wp:term":[{"taxonomy":"category","embeddable":true,"href":"https:\/\/gss.org.pl\/index.php\/wp-json\/wp\/v2\/categories?post=1899"},{"taxonomy":"post_tag","embeddable":true,"href":"https:\/\/gss.org.pl\/index.php\/wp-json\/wp\/v2\/tags?post=1899"}],"curies":[{"name":"wp","href":"https:\/\/api.w.org\/{rel}","templated":true}]}}