{"id":2000,"date":"2016-12-22T14:38:32","date_gmt":"2016-12-22T13:38:32","guid":{"rendered":"http:\/\/gss.org.pl\/?p=2000"},"modified":"2016-12-22T14:38:32","modified_gmt":"2016-12-22T13:38:32","slug":"gdanska-biblioteka-mobilna-przygotowuje-sie-do-rozpoczecia-dzialalnosci-pracownicy-grupy-lotos-s-a-przekazali-570-ksiazek-nowo-powstajacej-bibliotece","status":"publish","type":"post","link":"https:\/\/gss.org.pl\/index.php\/2016\/12\/22\/gdanska-biblioteka-mobilna-przygotowuje-sie-do-rozpoczecia-dzialalnosci-pracownicy-grupy-lotos-s-a-przekazali-570-ksiazek-nowo-powstajacej-bibliotece\/","title":{"rendered":"Gda\u0144ska Biblioteka Mobilna \u2013 przygotowuje si\u0119 do rozpocz\u0119cia dzia\u0142alno\u015bci. Pracownicy Grupy LOTOS S.A. przekazali 570 ksi\u0105\u017cek nowo powstaj\u0105cej bibliotece."},"content":{"rendered":"<p style=\"text-align: justify;\">Bardzo, bardzo dzi\u0119kujemy pracownikom Grupy LOTOS S.A. za zaanga\u017cowanie i uwierzenie w to, \u017ce powstanie Gda\u0144skiej Biblioteki Mobilnej ma sens. Nasza Sp\u00f3\u0142dzielnia stara si\u0119 w miar\u0119 posiadanych mo\u017cliwo\u015bci poprawia\u0107 jako\u015b\u0107 \u017cycia os\u00f3b najbardziej tego potrzebuj\u0105cych, a niew\u0105tpliwie takimi osobami s\u0105 seniorzy i osoby z niepe\u0142nosprawno\u015bci\u0105. Cieszymy si\u0119 z tego, \u017ce wok\u00f3\u0142 nas s\u0105 wspaniali ludzie, kt\u00f3rzy s\u0105 gotowi do wspierania ciekawych inicjatyw. Mamy nadziej\u0119, \u017ce w przysz\u0142o\u015bci uda nam si\u0119 wsp\u00f3lnie zrealizowa\u0107 jeszcze niejedno innowacyjne przedsi\u0119wzi\u0119cie na rzecz mieszka\u0144c\u00f3w Gda\u0144ska. Wszystkim pracownikom Grupy LOTOS S.A. sk\u0142adamy najserdeczniejsze \u017cyczenia z okazji \u015awi\u0105t i nadchodz\u0105cego Nowego Roku 2017 \u2013 m\u00f3wi Katarzyna Littwin, Dyrektor Sp\u00f3\u0142dzielni.<\/p>\n<p style=\"text-align: justify;\">Gda\u0144ska Sp\u00f3\u0142dzielnia Socjalna jest podmiotem ekonomii spo\u0142ecznej zajmuj\u0105cym si\u0119 aktywizacj\u0105 zawodow\u0105 os\u00f3b zagro\u017conych wykluczeniem spo\u0142ecznym i zawodowym. Dzia\u0142alno\u015b\u0107 Sp\u00f3\u0142dzielni opiera si\u0119 g\u0142\u00f3wnie na \u015bwiadczeniu us\u0142ug o charakterze spo\u0142ecznym, takich jak us\u0142ugi opieku\u0144cze b\u0105d\u017a us\u0142ugi asystenta os\u00f3b starszych czy niepe\u0142nosprawnych. Dodatkowo Sp\u00f3\u0142dzielnia \u015bwiadczy m.in.: us\u0142ugi porz\u0105dkowe, zajmuje si\u0119 dystrybucj\u0105 gazet czy realizuje szkolenia. Gda\u0144ska Sp\u00f3\u0142dzielnia Socjalna podejmuje szereg dzia\u0142a\u0144 na rzecz integracji spo\u0142eczno\u015bci lokalnej, przede wszystkim podejmuje dzia\u0142ania na rzecz aktywizacji i integracji senior\u00f3w.<\/p>\n<p style=\"text-align: justify;\">W ramach podejmowanych dzia\u0142a\u0144 na rzecz poprawy jako\u015bci \u017cycia senior\u00f3w i os\u00f3b z niepe\u0142nosprawno\u015bci\u0105 Gda\u0144ska Sp\u00f3\u0142dzielnia Socjalna zdiagnozowa\u0142a szereg potrzeb zwi\u0105zanych z organizacj\u0105 czasu wolnego. Sp\u00f3\u0142dzielnia rozpocz\u0119\u0142a przygotowania do utworzenia Gda\u0144skiej Biblioteki Mobilnej. Celem powstania biblioteki jest upowszechnianie czytelnictwa przede wszystkim w\u015br\u00f3d senior\u00f3w oraz os\u00f3b niepe\u0142nosprawnych, kt\u00f3re na co dzie\u0144 nie maj\u0105 mo\u017cliwo\u015bci korzystania z bibliotek publicznych ze wzgl\u0119du na stan zdrowia i trudno\u015bci w przemieszczaniu si\u0119. Sp\u00f3\u0142dzielnia b\u0119dzie bezp\u0142atnie udost\u0119pnia\u0107 i dostarcza\u0107 do miejsca zamieszkania ksi\u0105\u017cki, czasopisma i gazety. \u00a0Mo\u017cliwo\u015b\u0107 wypo\u017cyczania ksi\u0105\u017cek ruszy od dnia 16 stycznia 2017 r. Sp\u00f3\u0142dzielnia bezpo\u015brednio skieruje ofert\u0119 przynajmniej do 300 os\u00f3b, po\u015brednio do wszystkich zainteresowanych mieszka\u0144c\u00f3w Gda\u0144ska. Zak\u0142adamy, \u017ce do ko\u0144ca roku 2017 z biblioteki b\u0119dzie korzysta\u0107 przynajmniej 50 os\u00f3b i \u017ce z czasem liczba ta b\u0119dzie stale wzrasta\u0107. Mamy nadziej\u0119, \u017ce mo\u017cliwo\u015b\u0107 wypo\u017cyczenia ksi\u0105\u017cek b\u0119dzie atrakcyjn\u0105 alternatyw\u0105 zagospodarowywania czasu przez osoby g\u0142\u00f3wnie ten czas sp\u0119dzaj\u0105ce w domu.<\/p>\n<p style=\"text-align: justify;\">W przysz\u0142o\u015bci biblioteka nawi\u0105\u017ce wsp\u00f3\u0142prac\u0119 z organizacjami dzia\u0142aj\u0105cymi w obszarze kultury, na rzecz senior\u00f3w i os\u00f3b niepe\u0142nosprawnych, dziennymi klubami oraz domami pomocy.<\/p>\n\n\t\t<style type=\"text\/css\">\n\t\t\t#gallery-1 {\n\t\t\t\tmargin: auto;\n\t\t\t}\n\t\t\t#gallery-1 .gallery-item {\n\t\t\t\tfloat: left;\n\t\t\t\tmargin-top: 10px;\n\t\t\t\ttext-align: center;\n\t\t\t\twidth: 33%;\n\t\t\t}\n\t\t\t#gallery-1 img {\n\t\t\t\tborder: 2px solid #cfcfcf;\n\t\t\t}\n\t\t\t#gallery-1 .gallery-caption {\n\t\t\t\tmargin-left: 0;\n\t\t\t}\n\t\t\t\/* see gallery_shortcode() in wp-includes\/media.php *\/\n\t\t<\/style>\n\t\t<div id='gallery-1' class='gallery galleryid-2000 gallery-columns-3 gallery-size-thumbnail'><dl class='gallery-item'>\n\t\t\t<dt class='gallery-icon portrait'>\n\t\t\t\t<a href='https:\/\/gss.org.pl\/index.php\/2016\/12\/22\/gdanska-biblioteka-mobilna-przygotowuje-sie-do-rozpoczecia-dzialalnosci-pracownicy-grupy-lotos-s-a-przekazali-570-ksiazek-nowo-powstajacej-bibliotece\/ksiazki-2\/'><img loading=\"lazy\" decoding=\"async\" width=\"150\" height=\"150\" src=\"https:\/\/gss.org.pl\/wp-content\/uploads\/2016\/12\/KSIAZKI-2-150x150.png\" class=\"attachment-thumbnail size-thumbnail\" alt=\"\" \/><\/a>\n\t\t\t<\/dt><\/dl><dl class='gallery-item'>\n\t\t\t<dt class='gallery-icon portrait'>\n\t\t\t\t<a href='https:\/\/gss.org.pl\/index.php\/2016\/12\/22\/gdanska-biblioteka-mobilna-przygotowuje-sie-do-rozpoczecia-dzialalnosci-pracownicy-grupy-lotos-s-a-przekazali-570-ksiazek-nowo-powstajacej-bibliotece\/ksiazki\/'><img loading=\"lazy\" decoding=\"async\" width=\"150\" height=\"150\" src=\"https:\/\/gss.org.pl\/wp-content\/uploads\/2016\/12\/KSI\u0104ZKI-150x150.jpg\" class=\"attachment-thumbnail size-thumbnail\" alt=\"\" \/><\/a>\n\t\t\t<\/dt><\/dl><dl class='gallery-item'>\n\t\t\t<dt class='gallery-icon portrait'>\n\t\t\t\t<a href='https:\/\/gss.org.pl\/index.php\/2016\/12\/22\/gdanska-biblioteka-mobilna-przygotowuje-sie-do-rozpoczecia-dzialalnosci-pracownicy-grupy-lotos-s-a-przekazali-570-ksiazek-nowo-powstajacej-bibliotece\/ksiazki-3\/'><img loading=\"lazy\" decoding=\"async\" width=\"150\" height=\"150\" src=\"https:\/\/gss.org.pl\/wp-content\/uploads\/2016\/12\/KSIAZKI-3-150x150.png\" class=\"attachment-thumbnail size-thumbnail\" alt=\"\" \/><\/a>\n\t\t\t<\/dt><\/dl><br style=\"clear: both\" \/>\n\t\t<\/div>\n\n","protected":false},"excerpt":{"rendered":"<p>Bardzo, bardzo dzi\u0119kujemy pracownikom Grupy LOTOS S.A. za zaanga\u017cowanie i uwierzenie w to, \u017ce powstanie Gda\u0144skiej Biblioteki Mobilnej ma sens. Nasza Sp\u00f3\u0142dzielnia stara si\u0119 w miar\u0119 posiadanych mo\u017cliwo\u015bci poprawia\u0107 jako\u015b\u0107 \u017cycia os\u00f3b najbardziej tego potrzebuj\u0105cych, a niew\u0105tpliwie takimi osobami s\u0105 seniorzy i osoby z niepe\u0142nosprawno\u015bci\u0105. Cieszymy si\u0119 z tego, \u017ce wok\u00f3\u0142 nas s\u0105 wspaniali ludzie, [&hellip;]<\/p>\n","protected":false},"author":2,"featured_media":2007,"comment_status":"closed","ping_status":"open","sticky":false,"template":"","format":"standard","meta":{"footnotes":""},"categories":[4],"tags":[],"class_list":["post-2000","post","type-post","status-publish","format-standard","has-post-thumbnail","hentry","category-aktualnosci","cat-4-id","has_thumb"],"_links":{"self":[{"href":"https:\/\/gss.org.pl\/index.php\/wp-json\/wp\/v2\/posts\/2000","targetHints":{"allow":["GET"]}}],"collection":[{"href":"https:\/\/gss.org.pl\/index.php\/wp-json\/wp\/v2\/posts"}],"about":[{"href":"https:\/\/gss.org.pl\/index.php\/wp-json\/wp\/v2\/types\/post"}],"author":[{"embeddable":true,"href":"https:\/\/gss.org.pl\/index.php\/wp-json\/wp\/v2\/users\/2"}],"replies":[{"embeddable":true,"href":"https:\/\/gss.org.pl\/index.php\/wp-json\/wp\/v2\/comments?post=2000"}],"version-history":[{"count":1,"href":"https:\/\/gss.org.pl\/index.php\/wp-json\/wp\/v2\/posts\/2000\/revisions"}],"predecessor-version":[{"id":2009,"href":"https:\/\/gss.org.pl\/index.php\/wp-json\/wp\/v2\/posts\/2000\/revisions\/2009"}],"wp:featuredmedia":[{"embeddable":true,"href":"https:\/\/gss.org.pl\/index.php\/wp-json\/wp\/v2\/media\/2007"}],"wp:attachment":[{"href":"https:\/\/gss.org.pl\/index.php\/wp-json\/wp\/v2\/media?parent=2000"}],"wp:term":[{"taxonomy":"category","embeddable":true,"href":"https:\/\/gss.org.pl\/index.php\/wp-json\/wp\/v2\/categories?post=2000"},{"taxonomy":"post_tag","embeddable":true,"href":"https:\/\/gss.org.pl\/index.php\/wp-json\/wp\/v2\/tags?post=2000"}],"curies":[{"name":"wp","href":"https:\/\/api.w.org\/{rel}","templated":true}]}}