{"id":2127,"date":"2018-05-16T10:31:02","date_gmt":"2018-05-16T08:31:02","guid":{"rendered":"http:\/\/gss.org.pl\/?p=2127"},"modified":"2018-05-16T10:31:02","modified_gmt":"2018-05-16T08:31:02","slug":"meble-od-serca","status":"publish","type":"post","link":"https:\/\/gss.org.pl\/index.php\/2018\/05\/16\/meble-od-serca\/","title":{"rendered":"MEBLE OD SERCA"},"content":{"rendered":"<p style=\"text-align: justify;\"><strong>Robisz remont, now\u0105 aran\u017cacj\u0119 mieszkania, wymieniasz meble i sprz\u0119t AGD<\/strong>, z kt\u00f3rym nie masz co zrobi\u0107, przeka\u017c go Gda\u0144skiej Sp\u00f3\u0142dzielni Socjalnej, a my <strong>przeka\u017cemy go potrzebuj\u0105cym<\/strong>.<\/p>\n<p style=\"text-align: justify;\">Gda\u0144ska Sp\u00f3\u0142dzielnia Socjalna realizuje projekt \u201eRozw\u00f3j ekonomii spo\u0142ecznej poprzez prowadzenie punktu odbioru i renowacji mebli oraz wsparcie pracami porz\u0105dkowymi w mieszkaniach. <strong>\u201eMEBLE OD SERCA\u201d<\/strong>. Projekt jest wsp\u00f3\u0142finansowany przez Miasto Gda\u0144sk i realizowany we wsp\u00f3\u0142pracy z Miejskim O\u015brodkiem Pomocy Rodzinie w Gda\u0144sku.<\/p>\n<p style=\"text-align: justify;\">Projekt \u201eMeble od serca\u201d <strong>ma dwa cele<\/strong>, z jednej strony dedykowany jest osobom oddalonym od rynku pracy, z drugiej strony ma przynie\u015b\u0107 popraw\u0119 jako\u015bci \u017cycia osobom wspieranym przez Miejski O\u015brodek Pomocy Rodzinie w Gda\u0144sku. Zmiana jako\u015bciowa polega na doposa\u017ceniu mieszka\u0144 w meble, a w niekt\u00f3rych przypadkach na bardzo gruntownych porz\u0105dkach. Gda\u0144ska Sp\u00f3\u0142dzielnia Socjalna powsta\u0142a w czerwcu 2011 roku, aby wspiera\u0107 osoby defaworyzowane na rynku pracy w zakresie pozyskiwania legalnego zatrudnienia, zgodnego z ich do\u015bwiadczeniem zawodowym, umiej\u0119tno\u015bciami i kwalifikacjami formalnymi. Sp\u00f3\u0142dzielnia jest r\u00f3wnie\u017c instytucj\u0105 szkoleniow\u0105, kt\u00f3ra umo\u017cliwia zdobycie formalnych kwalifikacji. Projekt \u201eMeble od serca\u201d pozwala na realizacj\u0119 \u015bcie\u017cki aktywizacji zawodowej osobom, kt\u00f3re od dawna nie podejmowa\u0142y zatrudnienia i w zwi\u0105zku z tym maj\u0105 problemy w wypracowaniu w\u0142a\u015bciwych nawyk\u00f3w zwi\u0105zanych z prac\u0105. Zatrudniane przez Sp\u00f3\u0142dzielni\u0119 osoby otrzymuj\u0105 wsparcie od koordynatora projektu, animatora pracy i bardziej ju\u017c do\u015bwiadczonych pracownik\u00f3w. W ramach projektu g\u0142\u00f3wnie wykonywane s\u0105 prace gospodarcze polegaj\u0105ce m.in. na gruntownych us\u0142ugach porz\u0105dkowych, wnoszeniu mebli, odnawianiu i od\u015bwie\u017caniu mebli darowanych przez ludzi o dobrych sercach.<\/p>\n<p style=\"text-align: justify;\"><strong>Aktywizowane s\u0105 osoby<\/strong>, kt\u00f3re nie maj\u0105 wypracowanych nawyk\u00f3w w zwi\u0105zku z prac\u0105, dlatego w ramach projektu umo\u017cliwili\u015bmy zatrudnienie na zasadzie pr\u00f3bek pracy, z mo\u017cliwo\u015bci\u0105 wyp\u0142aty wynagrodzenia w odst\u0119pach tygodniowych, a w niekt\u00f3rych przypadkach nawet jako dni\u00f3wki \u2013 m\u00f3wi Katarzyna Salewicz \u2013 animator pracy w projekcie. Mamy \u015bwiadomo\u015b\u0107, \u017ce przy obecnym poziomie bezrobocia w Gda\u0144sku, aktualnie procesowi aktywizacji zawodowej podlegaj\u0105 przede wszystkim osoby z wieloletni\u0105 przerw\u0105 w zatrudnieniu b\u0105d\u017a osoby wcze\u015bniej nie pracuj\u0105ce. Uwa\u017camy, \u017ce zwi\u0119kszenie przez nas elastyczno\u015bci w podej\u015bciu do realizacji poszczeg\u00f3lnych zada\u0144 oraz w kwestiach zatrudnienia czy wyp\u0142aty wynagrodze\u0144 wp\u0142ywa na wzrost skuteczno\u015bci i efektywno\u015bci realizowanego projektu. W naszym projekcie mog\u0105 r\u00f3wnie\u017c znale\u017a\u0107 zatrudnienie osoby z niepe\u0142nosprawno\u015bci\u0105 b\u0105d\u017a osoby m\u0142ode dopiero zaczynaj\u0105ce swoj\u0105 drog\u0119 zawodowa. Liczymy, \u017ce po zako\u0144czeniu projektu cz\u0119\u015b\u0107 os\u00f3b z nami zostanie, jako stali pracownicy.<\/p>\n<p style=\"text-align: justify;\">Gda\u0144ska Sp\u00f3\u0142dzielnia Socjalna jest jednym z najwi\u0119kszych \u015bwiadczeniodawc\u00f3w us\u0142ug opieku\u0144czych i na co dzie\u0144 jej pracownicy maj\u0105 kontakty z lud\u017ami, kt\u00f3rzy potrzebuj\u0105 doposa\u017cenia mieszka\u0144 w meble, szczeg\u00f3lnie w \u0142\u00f3\u017cka, meble kuchenne oraz sprz\u0119t AGD, telewizory. Cz\u0119sto s\u0105 to osoby samotne, posiadaj\u0105ce \u015brodki finansowe tylko i wy\u0142\u0105cznie na bie\u017c\u0105ce potrzeby. Od lat Sp\u00f3\u0142dzielnia poszukuje r\u00f3\u017cnego rodzaju form wsparcia os\u00f3b starszych w celu poprawy jako\u015bci ich \u017cycia. Projekt \u201eMeble od serca\u201d zaspokaja cz\u0119sto nieujawnione wr\u0119cz wcze\u015bniej potrzeby.<\/p>\n<p style=\"text-align: justify;\">To co cz\u0119sto wydaje nam si\u0119 ma\u0142o funkcjonalne, niemodne i przez to nieatrakcyjne, bezu\u017cyteczne, mo\u017ce znale\u017a\u0107 zastosowanie w wielu domach mieszka\u0144c\u00f3w Gda\u0144ska. My wierzymy w to, \u017ce pozornie bezu\u017cyteczne przedmioty dla wielu nowych posiadaczy mog\u0105 si\u0119 okaza\u0107 wprost skarbami \u2013 m\u00f3wi Katarzyna Littwin, Dyrektor Sp\u00f3\u0142dzielni \u2013 Osoby przez nas wspierane cz\u0119sto maj\u0105 \u0142zy w oczach w momencie przekazywania im odnowionych mebli. Dla wielu os\u00f3b jest to ogromna zmiana jako\u015bciowa w ich \u017cyciu. Projekt zosta\u0142 rozszerzony r\u00f3wnie\u017c o sprz\u0119t AGD czy telewizory gdy\u017c wiele os\u00f3b zadeklarowa\u0142o r\u00f3wnie\u017c potrzeby w tym zakresie. Sp\u00f3\u0142dzielnia pilota\u017cowo realizowa\u0142a to\u017csame zadanie w zesz\u0142ym roku przez 3 miesi\u0105ce. Zg\u0142aszane zapotrzebowanie przeros\u0142o nasze naj\u015bmielsze oczekiwania, dlatego zdecydowali\u015bmy si\u0119 na kontynuacj\u0119 tego zadania. Pomimo, \u017ce projekt trwa zaledwie dwa miesi\u0105ce ju\u017c uda\u0142o nam si\u0119 pozyska\u0107 86 sztuk mebli, z czego 40 trafi\u0142o do os\u00f3b potrzebuj\u0105cych. <strong>Jeste\u015bmy wdzi\u0119czni wszystkim darczy\u0144com, kt\u00f3rych cechuje du\u017ca wra\u017cliwo\u015b\u0107 i zrozumienie potrzeb innych, za przekazywane meble, sprz\u0119t AGD, telewizory, tekstylia.<\/strong><\/p>\n<p style=\"text-align: left;\">\u00a0<img loading=\"lazy\" decoding=\"async\" class=\"size-full wp-image-2132 aligncenter\" src=\"http:\/\/gss.org.pl\/wp-content\/uploads\/2018\/05\/meble-od-serca.png\" alt=\"\" width=\"514\" height=\"730\" data-id=\"2132\" srcset=\"https:\/\/gss.org.pl\/wp-content\/uploads\/2018\/05\/meble-od-serca.png 514w, https:\/\/gss.org.pl\/wp-content\/uploads\/2018\/05\/meble-od-serca-211x300.png 211w\" sizes=\"auto, (max-width: 514px) 100vw, 514px\" \/><\/p>\n<p>&nbsp;<\/p>\n","protected":false},"excerpt":{"rendered":"<p>Robisz remont, now\u0105 aran\u017cacj\u0119 mieszkania, wymieniasz meble i sprz\u0119t AGD, z kt\u00f3rym nie masz co zrobi\u0107, przeka\u017c go Gda\u0144skiej Sp\u00f3\u0142dzielni Socjalnej, a my przeka\u017cemy go potrzebuj\u0105cym. Gda\u0144ska Sp\u00f3\u0142dzielnia Socjalna realizuje projekt \u201eRozw\u00f3j ekonomii spo\u0142ecznej poprzez prowadzenie punktu odbioru i renowacji mebli oraz wsparcie pracami porz\u0105dkowymi w mieszkaniach. \u201eMEBLE OD SERCA\u201d. Projekt jest wsp\u00f3\u0142finansowany przez Miasto [&hellip;]<\/p>\n","protected":false},"author":2,"featured_media":2129,"comment_status":"closed","ping_status":"open","sticky":false,"template":"","format":"standard","meta":{"footnotes":""},"categories":[4],"tags":[],"class_list":["post-2127","post","type-post","status-publish","format-standard","has-post-thumbnail","hentry","category-aktualnosci","cat-4-id","has_thumb"],"_links":{"self":[{"href":"https:\/\/gss.org.pl\/index.php\/wp-json\/wp\/v2\/posts\/2127","targetHints":{"allow":["GET"]}}],"collection":[{"href":"https:\/\/gss.org.pl\/index.php\/wp-json\/wp\/v2\/posts"}],"about":[{"href":"https:\/\/gss.org.pl\/index.php\/wp-json\/wp\/v2\/types\/post"}],"author":[{"embeddable":true,"href":"https:\/\/gss.org.pl\/index.php\/wp-json\/wp\/v2\/users\/2"}],"replies":[{"embeddable":true,"href":"https:\/\/gss.org.pl\/index.php\/wp-json\/wp\/v2\/comments?post=2127"}],"version-history":[{"count":5,"href":"https:\/\/gss.org.pl\/index.php\/wp-json\/wp\/v2\/posts\/2127\/revisions"}],"predecessor-version":[{"id":2135,"href":"https:\/\/gss.org.pl\/index.php\/wp-json\/wp\/v2\/posts\/2127\/revisions\/2135"}],"wp:featuredmedia":[{"embeddable":true,"href":"https:\/\/gss.org.pl\/index.php\/wp-json\/wp\/v2\/media\/2129"}],"wp:attachment":[{"href":"https:\/\/gss.org.pl\/index.php\/wp-json\/wp\/v2\/media?parent=2127"}],"wp:term":[{"taxonomy":"category","embeddable":true,"href":"https:\/\/gss.org.pl\/index.php\/wp-json\/wp\/v2\/categories?post=2127"},{"taxonomy":"post_tag","embeddable":true,"href":"https:\/\/gss.org.pl\/index.php\/wp-json\/wp\/v2\/tags?post=2127"}],"curies":[{"name":"wp","href":"https:\/\/api.w.org\/{rel}","templated":true}]}}